{"id":1225,"date":"2020-08-11T21:29:55","date_gmt":"2020-08-11T19:29:55","guid":{"rendered":"http:\/\/tecedeiras.gal\/?p=1225"},"modified":"2020-08-24T12:45:39","modified_gmt":"2020-08-24T10:45:39","slug":"convocatoria-curso-20-21","status":"publish","type":"post","link":"https:\/\/tecedeiras.gal\/?p=1225","title":{"rendered":"Convocatoria curso 20-21"},"content":{"rendered":"\n<p>Xa est\u00e1 aberta a convocatoria para os obradoiros do curso 2020-2021.<\/p>\n\n\n\n<p>Ser\u00e1 unha convocatoria trimestral, as\u00ed que imos por estaci\u00f3ns.<\/p>\n\n\n\n<p>Podes apuntarte agora aos obradoiros de outono que comezar\u00e1n a mediados de setembro e seguir\u00e1n at\u00e9 mediados de decembro.<\/p>\n\n\n\n<p>Ser\u00e1n grupos reducidos (m\u00e1ximo 7-8 persoas) e en li\u00f1a e as sesi\u00f3ns ser\u00e1n quincenais.<\/p>\n\n\n\n<p>Se queres ver informaci\u00f3n m\u00e1is detallada, mira <a href=\"http:\/\/tecedeiras.gal\/?page_id=1227\">aqu\u00ed<\/a>.<\/p>\n\n\n\n<p>Se a\u00ednda as\u00ed tes d\u00fabidas, escr\u00edbenos a tecedeiras.gal@gmail.com.<\/p>\n\n\n\n<p>E se a convocatoria non che acae pero tes ganas de que miremos xuntas o material co que est\u00e1s traballando, temos outras opci\u00f3ns m\u00e1is al\u00e1 dos obradoiros en grupo. Escr\u00edbenos, c\u00f3ntanos o teu proxecto e atoparemos algunha maneira de axudar.<\/p>\n\n\n\n<p><\/p>\n","protected":false},"excerpt":{"rendered":"<p>Xa est\u00e1 aberta a convocatoria para os obradoiros do curso 2020-2021. Ser\u00e1 unha convocatoria trimestral, as\u00ed que imos por estaci\u00f3ns. Podes apuntarte [&hellip;]<\/p>\n","protected":false},"author":5,"featured_media":0,"comment_status":"closed","ping_status":"closed","sticky":false,"template":"","format":"standard","meta":{"_jetpack_memberships_contains_paid_content":false,"footnotes":""},"categories":[20,17],"tags":[],"class_list":["post-1225","post","type-post","status-publish","format-standard","hentry","category-en-lina","category-obradoiros"],"jetpack_featured_media_url":"","jetpack_sharing_enabled":true,"_links":{"self":[{"href":"https:\/\/tecedeiras.gal\/index.php?rest_route=\/wp\/v2\/posts\/1225","targetHints":{"allow":["GET"]}}],"collection":[{"href":"https:\/\/tecedeiras.gal\/index.php?rest_route=\/wp\/v2\/posts"}],"about":[{"href":"https:\/\/tecedeiras.gal\/index.php?rest_route=\/wp\/v2\/types\/post"}],"author":[{"embeddable":true,"href":"https:\/\/tecedeiras.gal\/index.php?rest_route=\/wp\/v2\/users\/5"}],"replies":[{"embeddable":true,"href":"https:\/\/tecedeiras.gal\/index.php?rest_route=%2Fwp%2Fv2%2Fcomments&post=1225"}],"version-history":[{"count":3,"href":"https:\/\/tecedeiras.gal\/index.php?rest_route=\/wp\/v2\/posts\/1225\/revisions"}],"predecessor-version":[{"id":1231,"href":"https:\/\/tecedeiras.gal\/index.php?rest_route=\/wp\/v2\/posts\/1225\/revisions\/1231"}],"wp:attachment":[{"href":"https:\/\/tecedeiras.gal\/index.php?rest_route=%2Fwp%2Fv2%2Fmedia&parent=1225"}],"wp:term":[{"taxonomy":"category","embeddable":true,"href":"https:\/\/tecedeiras.gal\/index.php?rest_route=%2Fwp%2Fv2%2Fcategories&post=1225"},{"taxonomy":"post_tag","embeddable":true,"href":"https:\/\/tecedeiras.gal\/index.php?rest_route=%2Fwp%2Fv2%2Ftags&post=1225"}],"curies":[{"name":"wp","href":"https:\/\/api.w.org\/{rel}","templated":true}]}}